{"id":11726,"date":"2023-02-21T16:49:22","date_gmt":"2023-02-21T15:49:22","guid":{"rendered":"http:\/\/www.medienkultur.at\/neu\/?p=11726"},"modified":"2023-02-22T10:58:30","modified_gmt":"2023-02-22T09:58:30","slug":"orf-orchester-vor-dem-aus","status":"publish","type":"post","link":"https:\/\/www.medienkultur.at\/neu\/orf-orchester-vor-dem-aus\/","title":{"rendered":"ORF-Orchester vor dem Aus ?"},"content":{"rendered":"<p>L\u00e4sst die Regierung nach der Wiener Zeitung nun auch das hervorragende ORF-Radiosinfonieorchester (RSO) im Stich ?<\/p>\n<p>Udo Bachmair<\/p>\n<p>Roland Wei\u00dfmann, seines Zeichens Generaldirektor des gr\u00f6\u00dften heimischen Medienkonzerns, musste k\u00fcrzlich zum Rapport. \u00d6VP-Medienministerin Susanne Raab machte ihm dabei unmissverst\u00e4ndlich klar, dass der ORF weitere hunderte Millionen einsparen m\u00fcsse. F\u00fcr manche auch bisher durchaus erfolgreiche Bereiche des Unternehmens eine Existenzfrage.<br \/>\nSo drohen personelle Einschnitte u.a. auch in den so wichtigen TV- und Radioinformationsbereichen des ORF, nicht zuletzt auch programmliche Einschr\u00e4nkungen im bew\u00e4hrten Kultur- und Informationssender \u00d6 1.<\/p>\n<p>Gilt das Ende des ORF-TV-Sport-Kanals als bereits fix, wof\u00fcr sich angesichts des extrem ausufernden Sportbudgets durchaus Verst\u00e4ndnis aufbringen l\u00e4sst, so besteht noch geringe Hoffnung, dass das renommierte ORF-Sinfonieorchester eine \u00dcberlebenschance erh\u00e4lt. Doch die Frage bleibt vorerst offen, ob dem RSO ein Schicksal der Wiener Zeitung erspart bleibt. Das w\u00e4re f\u00fcr die Kulturnation \u00d6sterreich wohl eine erb\u00e4rmlich kleingeistige Entwicklung, sind sich emp\u00f6rte Kultur- und MedienbeobachterInnen einig.<\/p>\n<p>Der Kultur- und Musikbereich ist bzw. war traditionell eher gr\u00fcnaffin. Dies d\u00fcrfte sp\u00e4testens nach der unerm\u00fcdlichen Beharrlichkeit der gr\u00fcnen Mediensprecherin Eva Blimlinger, die mittlerweile als Kultobjekt geltende Wiener Zeitung bedenkenlos fallen zu lassen, nur mehr eingeschr\u00e4nkt der Fall sein. Sollten die Gr\u00fcnen sich auch in der Causa RSO zur\u00fcckhaltend zeigen, w\u00fcrde dies in der Kultur- und Medienbranche auf h\u00f6chstes Unverst\u00e4ndnis sto\u00dfen. <\/p>\n<p>Die gr\u00fcne Mediensprecherin Blimlinger d\u00fcrfte jedoch in Sachen RSO mittlerweile eines Besseren belehrt worden sein. In einigen Medien wird sie heute mit dem Satz zitiert: &#8220; Das Radiosinfonieorchester ist f\u00fcr den Kulturstandort \u00d6sterreich unersetzbar&#8220;. Hoffnung keimt also auf f\u00fcr den hervorragenden Klangk\u00f6rper. <\/p>\n<p>Jetzt gilt es &#8222;nur&#8220; noch, den gro\u00dfen Koalitionspartner zu \u00fcberzeugen und nicht zuletzt auch ORF-Generaldirektor Roland Wei\u00dfmann. Diesem scheint bis dato nicht bewusst zu sein, dass er mit dem RSO auch einen nicht unwesentlichen Teil des \u00f6ffentlich-rechtlichen Kulturauftrags des ORF opfern w\u00fcrde. Ihm w\u00e4re mehr Selbstbewusstsein gegen\u00fcber den Regierungsparteien zu w\u00fcnschen.<\/p>\n<p>Jedenfalls l\u00e4uft der Countdown f\u00fcr die Entscheidung \u00fcber das ORF-Orchester: Am 23. M\u00e4rz will bzw. muss der \u00d6VP-dominierte ORF-Stiftungsrat die geforderten Sparma\u00dfnahmen absegnen.<\/p>\n<p><em>Eine Petition f\u00fcr den Erhalt des RSO k\u00f6nnen Sie \u00fcber folgenden Link unterzeichnen :<\/em> <\/p>\n<p>mein.aufstehn.at\/petitions\/sos-rso-rettet-das-radiosymphonieorchester-wien<\/p>\n","protected":false},"excerpt":{"rendered":"<p>L\u00e4sst die Regierung nach der Wiener Zeitung nun auch das hervorragende ORF-Radiosinfonieorchester (RSO) im Stich ? Udo Bachmair Roland Wei\u00dfmann, seines Zeichens Generaldirektor des gr\u00f6\u00dften heimischen Medienkonzerns, musste k\u00fcrzlich zum Rapport. \u00d6VP-Medienministerin Susanne Raab machte ihm dabei unmissverst\u00e4ndlich klar, dass der ORF weitere hunderte Millionen einsparen m\u00fcsse. F\u00fcr manche auch bisher durchaus erfolgreiche Bereiche des &hellip; <a href=\"https:\/\/www.medienkultur.at\/neu\/orf-orchester-vor-dem-aus\/\" class=\"more-link\"><span class=\"screen-reader-text\">ORF-Orchester vor dem Aus ?<\/span> weiterlesen <span class=\"meta-nav\">&rarr;<\/span><\/a><\/p>\n","protected":false},"author":1,"featured_media":0,"comment_status":"open","ping_status":"open","sticky":false,"template":"","format":"standard","meta":{"footnotes":""},"categories":[9,1,12,11,10,13,20],"tags":[2550,3848,9397,9401,9399,9400,9403,9398,9402,9395,27,2565,54,9393,1304,600,1430,9394,9404,7760,9396,1613,409],"class_list":["post-11726","post","type-post","status-publish","format-standard","hentry","category-berichte_analysen","category-allgemein","category-medien_bildung_religion","category-medien_politik_wirtschaft","category-medienkritik","category-medienpolitik","category-medienverantwortung_medienrecht","tag-bildung","tag-die-gruenen","tag-gruene-mediensprecherin-eva-blimlinger","tag-kleingeistige-entwicklung","tag-kultur-und-musikbereich","tag-kulturnation-oesterreich","tag-machterhalt-durch-anbiederung","tag-medienbranche","tag-medienkonzern","tag-medienministerin-susanne-raab","tag-oe-1","tag-oe1","tag-orf","tag-orf-orchester-vor-dem-aus","tag-orf-stiftungsrat","tag-oevp","tag-qualitaetsmedien","tag-radiosinfonieorchester","tag-regierungsvorgaben","tag-roland-weissmann","tag-sportbudget","tag-udo-bachmair","tag-wiener-zeitung"],"yoast_head":"<!-- This site is optimized with the Yoast SEO plugin v27.5 - https:\/\/yoast.com\/product\/yoast-seo-wordpress\/ -->\n<title>ORF-Orchester vor dem Aus ? | Vereinigung f\u00fcr Medienkultur<\/title>\n<meta name=\"robots\" content=\"index, follow, max-snippet:-1, max-image-preview:large, max-video-preview:-1\" \/>\n<link rel=\"canonical\" href=\"https:\/\/www.medienkultur.at\/neu\/orf-orchester-vor-dem-aus\/\" \/>\n<meta property=\"og:locale\" content=\"de_DE\" \/>\n<meta property=\"og:type\" content=\"article\" \/>\n<meta property=\"og:title\" content=\"ORF-Orchester vor dem Aus ? | Vereinigung f\u00fcr Medienkultur\" \/>\n<meta property=\"og:description\" content=\"L\u00e4sst die Regierung nach der Wiener Zeitung nun auch das hervorragende ORF-Radiosinfonieorchester (RSO) im Stich ? Udo Bachmair Roland Wei\u00dfmann, seines Zeichens Generaldirektor des gr\u00f6\u00dften heimischen Medienkonzerns, musste k\u00fcrzlich zum Rapport. \u00d6VP-Medienministerin Susanne Raab machte ihm dabei unmissverst\u00e4ndlich klar, dass der ORF weitere hunderte Millionen einsparen m\u00fcsse. F\u00fcr manche auch bisher durchaus erfolgreiche Bereiche des &hellip; ORF-Orchester vor dem Aus ? weiterlesen &rarr;\" \/>\n<meta property=\"og:url\" content=\"https:\/\/www.medienkultur.at\/neu\/orf-orchester-vor-dem-aus\/\" \/>\n<meta property=\"og:site_name\" content=\"Vereinigung f\u00fcr Medienkultur\" \/>\n<meta property=\"article:published_time\" content=\"2023-02-21T15:49:22+00:00\" \/>\n<meta property=\"article:modified_time\" content=\"2023-02-22T09:58:30+00:00\" \/>\n<meta name=\"author\" content=\"Hans H\u00f6gl\" \/>\n<meta name=\"twitter:card\" content=\"summary_large_image\" \/>\n<meta name=\"twitter:label1\" content=\"Verfasst von\" \/>\n\t<meta name=\"twitter:data1\" content=\"Hans H\u00f6gl\" \/>\n\t<meta name=\"twitter:label2\" content=\"Gesch\u00e4tzte Lesezeit\" \/>\n\t<meta name=\"twitter:data2\" content=\"2\u00a0Minuten\" \/>\n<script type=\"application\/ld+json\" class=\"yoast-schema-graph\">{\"@context\":\"https:\\\/\\\/schema.org\",\"@graph\":[{\"@type\":\"Article\",\"@id\":\"https:\\\/\\\/www.medienkultur.at\\\/neu\\\/orf-orchester-vor-dem-aus\\\/#article\",\"isPartOf\":{\"@id\":\"https:\\\/\\\/www.medienkultur.at\\\/neu\\\/orf-orchester-vor-dem-aus\\\/\"},\"author\":{\"name\":\"Hans H\u00f6gl\",\"@id\":\"https:\\\/\\\/www.medienkultur.at\\\/neu\\\/#\\\/schema\\\/person\\\/5307830ec125174672d8c9d829eeb256\"},\"headline\":\"ORF-Orchester vor dem Aus ?\",\"datePublished\":\"2023-02-21T15:49:22+00:00\",\"dateModified\":\"2023-02-22T09:58:30+00:00\",\"mainEntityOfPage\":{\"@id\":\"https:\\\/\\\/www.medienkultur.at\\\/neu\\\/orf-orchester-vor-dem-aus\\\/\"},\"wordCount\":391,\"commentCount\":0,\"keywords\":[\"Bildung\",\"die Gr\u00fcnen\",\"gr\u00fcne Mediensprecherin Eva Blimlinger\",\"kleingeistige Entwicklung\",\"Kultur- und Musikbereich\",\"Kulturnation \u00d6sterreich\",\"Machterhalt durch Anbiederung\",\"Medienbranche\",\"Medienkonzern\",\"Medienministerin Susanne Raab\",\"\u00d6 1\",\"\u00d61\",\"ORF\",\"ORF-Orchester vor dem Aus\",\"ORF-Stiftungsrat\",\"\u00d6VP\",\"Qualit\u00e4tsmedien\",\"Radiosinfonieorchester\",\"Regierungsvorgaben\",\"Roland Wei\u00dfmann\",\"Sportbudget\",\"Udo Bachmair\",\"Wiener Zeitung\"],\"articleSection\":[\"BERICHTE \\\/ ANALYSEN\",\"J\u00dcNGSTE BEITR\u00c4GE\",\"Medien und Bildung \\\/ Religion\",\"Medien und Politik \\\/ Wirtschaft\",\"Medienkritik\",\"Medienpolitik\",\"Medienverantwortung \\\/ Medienrecht\"],\"inLanguage\":\"de\",\"potentialAction\":[{\"@type\":\"CommentAction\",\"name\":\"Comment\",\"target\":[\"https:\\\/\\\/www.medienkultur.at\\\/neu\\\/orf-orchester-vor-dem-aus\\\/#respond\"]}]},{\"@type\":\"WebPage\",\"@id\":\"https:\\\/\\\/www.medienkultur.at\\\/neu\\\/orf-orchester-vor-dem-aus\\\/\",\"url\":\"https:\\\/\\\/www.medienkultur.at\\\/neu\\\/orf-orchester-vor-dem-aus\\\/\",\"name\":\"ORF-Orchester vor dem Aus ? | Vereinigung f\u00fcr Medienkultur\",\"isPartOf\":{\"@id\":\"https:\\\/\\\/www.medienkultur.at\\\/neu\\\/#website\"},\"datePublished\":\"2023-02-21T15:49:22+00:00\",\"dateModified\":\"2023-02-22T09:58:30+00:00\",\"author\":{\"@id\":\"https:\\\/\\\/www.medienkultur.at\\\/neu\\\/#\\\/schema\\\/person\\\/5307830ec125174672d8c9d829eeb256\"},\"breadcrumb\":{\"@id\":\"https:\\\/\\\/www.medienkultur.at\\\/neu\\\/orf-orchester-vor-dem-aus\\\/#breadcrumb\"},\"inLanguage\":\"de\",\"potentialAction\":[{\"@type\":\"ReadAction\",\"target\":[\"https:\\\/\\\/www.medienkultur.at\\\/neu\\\/orf-orchester-vor-dem-aus\\\/\"]}]},{\"@type\":\"BreadcrumbList\",\"@id\":\"https:\\\/\\\/www.medienkultur.at\\\/neu\\\/orf-orchester-vor-dem-aus\\\/#breadcrumb\",\"itemListElement\":[{\"@type\":\"ListItem\",\"position\":1,\"name\":\"Startseite\",\"item\":\"https:\\\/\\\/www.medienkultur.at\\\/neu\\\/\"},{\"@type\":\"ListItem\",\"position\":2,\"name\":\"ORF-Orchester vor dem Aus ?\"}]},{\"@type\":\"WebSite\",\"@id\":\"https:\\\/\\\/www.medienkultur.at\\\/neu\\\/#website\",\"url\":\"https:\\\/\\\/www.medienkultur.at\\\/neu\\\/\",\"name\":\"Vereinigung f\u00fcr Medienkultur\",\"description\":\"\",\"potentialAction\":[{\"@type\":\"SearchAction\",\"target\":{\"@type\":\"EntryPoint\",\"urlTemplate\":\"https:\\\/\\\/www.medienkultur.at\\\/neu\\\/?s={search_term_string}\"},\"query-input\":{\"@type\":\"PropertyValueSpecification\",\"valueRequired\":true,\"valueName\":\"search_term_string\"}}],\"inLanguage\":\"de\"},{\"@type\":\"Person\",\"@id\":\"https:\\\/\\\/www.medienkultur.at\\\/neu\\\/#\\\/schema\\\/person\\\/5307830ec125174672d8c9d829eeb256\",\"name\":\"Hans H\u00f6gl\"}]}<\/script>\n<!-- \/ Yoast SEO plugin. -->","yoast_head_json":{"title":"ORF-Orchester vor dem Aus ? | Vereinigung f\u00fcr Medienkultur","robots":{"index":"index","follow":"follow","max-snippet":"max-snippet:-1","max-image-preview":"max-image-preview:large","max-video-preview":"max-video-preview:-1"},"canonical":"https:\/\/www.medienkultur.at\/neu\/orf-orchester-vor-dem-aus\/","og_locale":"de_DE","og_type":"article","og_title":"ORF-Orchester vor dem Aus ? | Vereinigung f\u00fcr Medienkultur","og_description":"L\u00e4sst die Regierung nach der Wiener Zeitung nun auch das hervorragende ORF-Radiosinfonieorchester (RSO) im Stich ? Udo Bachmair Roland Wei\u00dfmann, seines Zeichens Generaldirektor des gr\u00f6\u00dften heimischen Medienkonzerns, musste k\u00fcrzlich zum Rapport. \u00d6VP-Medienministerin Susanne Raab machte ihm dabei unmissverst\u00e4ndlich klar, dass der ORF weitere hunderte Millionen einsparen m\u00fcsse. F\u00fcr manche auch bisher durchaus erfolgreiche Bereiche des &hellip; ORF-Orchester vor dem Aus ? weiterlesen &rarr;","og_url":"https:\/\/www.medienkultur.at\/neu\/orf-orchester-vor-dem-aus\/","og_site_name":"Vereinigung f\u00fcr Medienkultur","article_published_time":"2023-02-21T15:49:22+00:00","article_modified_time":"2023-02-22T09:58:30+00:00","author":"Hans H\u00f6gl","twitter_card":"summary_large_image","twitter_misc":{"Verfasst von":"Hans H\u00f6gl","Gesch\u00e4tzte Lesezeit":"2\u00a0Minuten"},"schema":{"@context":"https:\/\/schema.org","@graph":[{"@type":"Article","@id":"https:\/\/www.medienkultur.at\/neu\/orf-orchester-vor-dem-aus\/#article","isPartOf":{"@id":"https:\/\/www.medienkultur.at\/neu\/orf-orchester-vor-dem-aus\/"},"author":{"name":"Hans H\u00f6gl","@id":"https:\/\/www.medienkultur.at\/neu\/#\/schema\/person\/5307830ec125174672d8c9d829eeb256"},"headline":"ORF-Orchester vor dem Aus ?","datePublished":"2023-02-21T15:49:22+00:00","dateModified":"2023-02-22T09:58:30+00:00","mainEntityOfPage":{"@id":"https:\/\/www.medienkultur.at\/neu\/orf-orchester-vor-dem-aus\/"},"wordCount":391,"commentCount":0,"keywords":["Bildung","die Gr\u00fcnen","gr\u00fcne Mediensprecherin Eva Blimlinger","kleingeistige Entwicklung","Kultur- und Musikbereich","Kulturnation \u00d6sterreich","Machterhalt durch Anbiederung","Medienbranche","Medienkonzern","Medienministerin Susanne Raab","\u00d6 1","\u00d61","ORF","ORF-Orchester vor dem Aus","ORF-Stiftungsrat","\u00d6VP","Qualit\u00e4tsmedien","Radiosinfonieorchester","Regierungsvorgaben","Roland Wei\u00dfmann","Sportbudget","Udo Bachmair","Wiener Zeitung"],"articleSection":["BERICHTE \/ ANALYSEN","J\u00dcNGSTE BEITR\u00c4GE","Medien und Bildung \/ Religion","Medien und Politik \/ Wirtschaft","Medienkritik","Medienpolitik","Medienverantwortung \/ Medienrecht"],"inLanguage":"de","potentialAction":[{"@type":"CommentAction","name":"Comment","target":["https:\/\/www.medienkultur.at\/neu\/orf-orchester-vor-dem-aus\/#respond"]}]},{"@type":"WebPage","@id":"https:\/\/www.medienkultur.at\/neu\/orf-orchester-vor-dem-aus\/","url":"https:\/\/www.medienkultur.at\/neu\/orf-orchester-vor-dem-aus\/","name":"ORF-Orchester vor dem Aus ? | Vereinigung f\u00fcr Medienkultur","isPartOf":{"@id":"https:\/\/www.medienkultur.at\/neu\/#website"},"datePublished":"2023-02-21T15:49:22+00:00","dateModified":"2023-02-22T09:58:30+00:00","author":{"@id":"https:\/\/www.medienkultur.at\/neu\/#\/schema\/person\/5307830ec125174672d8c9d829eeb256"},"breadcrumb":{"@id":"https:\/\/www.medienkultur.at\/neu\/orf-orchester-vor-dem-aus\/#breadcrumb"},"inLanguage":"de","potentialAction":[{"@type":"ReadAction","target":["https:\/\/www.medienkultur.at\/neu\/orf-orchester-vor-dem-aus\/"]}]},{"@type":"BreadcrumbList","@id":"https:\/\/www.medienkultur.at\/neu\/orf-orchester-vor-dem-aus\/#breadcrumb","itemListElement":[{"@type":"ListItem","position":1,"name":"Startseite","item":"https:\/\/www.medienkultur.at\/neu\/"},{"@type":"ListItem","position":2,"name":"ORF-Orchester vor dem Aus ?"}]},{"@type":"WebSite","@id":"https:\/\/www.medienkultur.at\/neu\/#website","url":"https:\/\/www.medienkultur.at\/neu\/","name":"Vereinigung f\u00fcr Medienkultur","description":"","potentialAction":[{"@type":"SearchAction","target":{"@type":"EntryPoint","urlTemplate":"https:\/\/www.medienkultur.at\/neu\/?s={search_term_string}"},"query-input":{"@type":"PropertyValueSpecification","valueRequired":true,"valueName":"search_term_string"}}],"inLanguage":"de"},{"@type":"Person","@id":"https:\/\/www.medienkultur.at\/neu\/#\/schema\/person\/5307830ec125174672d8c9d829eeb256","name":"Hans H\u00f6gl"}]}},"_links":{"self":[{"href":"https:\/\/www.medienkultur.at\/neu\/wp-json\/wp\/v2\/posts\/11726","targetHints":{"allow":["GET"]}}],"collection":[{"href":"https:\/\/www.medienkultur.at\/neu\/wp-json\/wp\/v2\/posts"}],"about":[{"href":"https:\/\/www.medienkultur.at\/neu\/wp-json\/wp\/v2\/types\/post"}],"author":[{"embeddable":true,"href":"https:\/\/www.medienkultur.at\/neu\/wp-json\/wp\/v2\/users\/1"}],"replies":[{"embeddable":true,"href":"https:\/\/www.medienkultur.at\/neu\/wp-json\/wp\/v2\/comments?post=11726"}],"version-history":[{"count":13,"href":"https:\/\/www.medienkultur.at\/neu\/wp-json\/wp\/v2\/posts\/11726\/revisions"}],"predecessor-version":[{"id":11742,"href":"https:\/\/www.medienkultur.at\/neu\/wp-json\/wp\/v2\/posts\/11726\/revisions\/11742"}],"wp:attachment":[{"href":"https:\/\/www.medienkultur.at\/neu\/wp-json\/wp\/v2\/media?parent=11726"}],"wp:term":[{"taxonomy":"category","embeddable":true,"href":"https:\/\/www.medienkultur.at\/neu\/wp-json\/wp\/v2\/categories?post=11726"},{"taxonomy":"post_tag","embeddable":true,"href":"https:\/\/www.medienkultur.at\/neu\/wp-json\/wp\/v2\/tags?post=11726"}],"curies":[{"name":"wp","href":"https:\/\/api.w.org\/{rel}","templated":true}]}}