{"id":11705,"date":"2023-02-16T17:05:40","date_gmt":"2023-02-16T16:05:40","guid":{"rendered":"http:\/\/www.medienkultur.at\/neu\/?p=11705"},"modified":"2023-02-21T17:02:14","modified_gmt":"2023-02-21T16:02:14","slug":"mediale-giftmischung","status":"publish","type":"post","link":"https:\/\/www.medienkultur.at\/neu\/mediale-giftmischung\/","title":{"rendered":"Mediale Giftmischung"},"content":{"rendered":"<p>Einen Krieg beginnen \u2013 immer \u2013so genannte &#8222;Eliten&#8220;, nicht die kleinen Leute. Diese &#8222;Eliten&#8220; haben Interessen an Ressourcen, streben nach Macht, \u00dcbermacht, Hegemonie. Bezeichnend ist, da\u00df diese grundlegende Betrachtungsweise weitgehend au\u00dfer Acht gelassen wird beim Thema Ukraine. <\/p>\n<p>Peter Stribl *<\/p>\n<p>Es wird verfahren, als h\u00e4tte der Krieg vor einem Jahr aus heiterem Himmel begonnen. Ohne Vorgeschichte, ohne die Strategien Zbigniew Brzezi\u0144skis und die nachfolgenden Fakten. NATO-Osterweiterungen z.B., Victoria Nulands &#8222;fuck the EU&#8220; oder Hunter Bidens Gesch\u00e4fte in der Ukraine.<\/p>\n<p>Die Berichterstattung der &#8222;Qualit\u00e4tsmedien&#8220; ordnet sich diesen planvoll projizierten Bildern in vorauseilendem Gehorsam bereitwillig unter. So hat tagesschau.de das Zitat Baerbocks, &#8222;wir f\u00fchren einen Krieg gegen Russland&#8220;, erst mit zwei Tagen Versp\u00e4tung vermeldet. Daf\u00fcr aber mit Vorw\u00fcrfen gespickt, interessierte Kreise w\u00fcrden versuchen, daraus Vorteile zu ziehen \u2013 als wenn Baerbock diese \u00c4u\u00dferung nicht get\u00e4tigt h\u00e4tte. &#8222;Das wird Russland ruinieren&#8220; wird ebenso gerne in der Vergessenheit versenkt. Russland soll ruiniert werden, nicht Putin, Lawrow oder Russlands Oligarchen. Ein ganzes Land ist gemeint und auch dessen Bev\u00f6lkerung.<\/p>\n<p>Seymour Hersh wird f\u00fcr seine Ver\u00f6ffentlichung zu Nordstream 2 mit S\u00e4tzen kommentiert, die direkt aus Langley stammen k\u00f6nnten. Sicherlich, eine anonyme Quelle ist journalistisch d\u00fcnnes Eis. Aber waren da nicht auch \u00c4u\u00dferungen Joe Bidens, die eindeutig die Annahme zulie\u00dfen, Nordstream 2 werde verhindert, mit allen Mitteln?<\/p>\n<p>Eine weitere mediale Baustelle: Die Tagesschau kritisiert, Assad instrumentalisiere das Erdbeben f\u00fcr seine Zwecke. Die Sanktionen der EU werden dabei manipulativ verwendet, wie auch unterschlagen wird, welche Vorgeschichte Idlib zugrunde liegt. Al Kaida, IS, alles zusammengefasst unter &#8222;Rebellen&#8220;. Kommt ja auch viel besser an.<\/p>\n<p>Am 13.2. brachte die ARD einen Film \u00fcber die Ukraine und danach &#8222;Hart aber fair&#8220; zum selben Thema. Die Auswahl der G\u00e4ste hat unter Gewissheit den einen oder anderen Zuseher bewogen, besser ein gutes Buch zu lesen als die Sendung zu verfolgen. Ein Pazifist wird sich nicht Andrij Melnyk antun, wenn warme Milch und einger\u00fchrter Senf zur Verf\u00fcgung stehen.<\/p>\n<p>Die mediale Giftmischung wird abgerundet mit dem Versuch, alles den runterprasselnden Einseitigkeiten Widerstrebenden in die politisch rechte Ecke zu verfrachten. Populisten, Punkt, fertig. Wenn jemand als Putin- oder Russland-Versteher beschimpft wird, l\u00e4sst das tief blicken. Etwas zu verstehen hat nichts damit zu tun, f\u00fcr etwas Verst\u00e4ndnis aufzubringen. Etwas zu verstehen ist unerl\u00e4sslich f\u00fcr eine korrekte Analyse, nicht mehr und nicht weniger.<\/p>\n<p>Es sollte die Bem\u00fchung vorherrschen, den Konflikt in der Ukraine umfassend zu verstehen. Wie aus dem Einheitsbrei der &#8222;Qualit\u00e4tsmedien&#8220; zu urteilen ist, braucht es dazu mehr als einseitige Quellen, Geheimdienstdossiers oder staatliche Stellungnahmen. N\u00fctzlich dabei kann nicht zuletzt die Betrachtung des Begriffs Demokratie sein. Kein Volk dieser Erde strebt aus eigenem Interesse einen Krieg an, es sind immer nur Eliten, Oligarchen, M\u00e4chtige. Deren Interessen an Bodensch\u00e4tzen etc. f\u00fchren zu Konflikten und eben schlimmstenfalls zu Kriegen. Dem entsprechend sind diese Eliten, Oligarchen und M\u00e4chtigen ihrer undemokratischen Mittel zu entledigen. Weltweit. Denn wahre Demokratie bedeutet Frieden.<\/p>\n<p><em>* Peter Stribl ist Politik- und Medienanalyst und lebt in Deutschland<\/em><\/p>\n<p>Ein Videotipp : <\/p>\n<p>Aufzeichnung einer differenzierenden Debatte zum Thema &#8222;Ukrainekrieg und die Berichterstattung westlicher Medien&#8220; im Presseclub Concordia in Wien.<br \/>\nEine Veranstaltung der Vereinigung f\u00fcr Medienkultur : <\/p>\n<p><iframe loading=\"lazy\" title=\"Ukrainekrieg &amp; Berichterstattung westlicher Medien , Vereinigung f\u00fcr Medienkultur [214]\" width=\"604\" height=\"340\" src=\"https:\/\/www.youtube.com\/embed\/WDSUw-3k7PI?feature=oembed\" frameborder=\"0\" allow=\"accelerometer; autoplay; clipboard-write; encrypted-media; gyroscope; picture-in-picture; web-share\" referrerpolicy=\"strict-origin-when-cross-origin\" allowfullscreen><\/iframe><\/p>\n","protected":false},"excerpt":{"rendered":"<p>Einen Krieg beginnen \u2013 immer \u2013so genannte &#8222;Eliten&#8220;, nicht die kleinen Leute. Diese &#8222;Eliten&#8220; haben Interessen an Ressourcen, streben nach Macht, \u00dcbermacht, Hegemonie. Bezeichnend ist, da\u00df diese grundlegende Betrachtungsweise weitgehend au\u00dfer Acht gelassen wird beim Thema Ukraine. Peter Stribl * Es wird verfahren, als h\u00e4tte der Krieg vor einem Jahr aus heiterem Himmel begonnen. Ohne &hellip; <a href=\"https:\/\/www.medienkultur.at\/neu\/mediale-giftmischung\/\" class=\"more-link\"><span class=\"screen-reader-text\">Mediale Giftmischung<\/span> weiterlesen <span class=\"meta-nav\">&rarr;<\/span><\/a><\/p>\n","protected":false},"author":1,"featured_media":0,"comment_status":"open","ping_status":"open","sticky":false,"template":"","format":"standard","meta":{"footnotes":""},"categories":[9,15,1,12,11,18,10,13,20],"tags":[9370,7666,9367,9372,8685,7356,121,2315,9363,9362,9364,199,9365,48,8842,9368,9371,9366,33,9369],"class_list":["post-11705","post","type-post","status-publish","format-standard","hentry","category-berichte_analysen","category-gastbeitraege","category-allgemein","category-medien_bildung_religion","category-medien_politik_wirtschaft","category-medienkompetenz","category-medienkritik","category-medienpolitik","category-medienverantwortung_medienrecht","tag-anonyme-quelle","tag-baerbock","tag-berichterstattung-der-qualitaetsmedien","tag-die-tagesschau","tag-hart-aber-fair","tag-joe-biden","tag-krieg","tag-lawrow","tag-mediale-baustelle","tag-mediale-giftmischung","tag-nato-osterweiterungen","tag-oligarchen","tag-peter-stribl","tag-putin","tag-putinversteher","tag-russland-ruinieren","tag-russlandversteher","tag-semour-hersh","tag-ukraine","tag-wir-fuehren-einen-krieg-gegen-russland"],"yoast_head":"<!-- This site is optimized with the Yoast SEO plugin v27.5 - https:\/\/yoast.com\/product\/yoast-seo-wordpress\/ -->\n<title>Mediale Giftmischung | Vereinigung f\u00fcr Medienkultur<\/title>\n<meta name=\"robots\" content=\"index, follow, max-snippet:-1, max-image-preview:large, max-video-preview:-1\" \/>\n<link rel=\"canonical\" href=\"https:\/\/www.medienkultur.at\/neu\/mediale-giftmischung\/\" \/>\n<meta property=\"og:locale\" content=\"de_DE\" \/>\n<meta property=\"og:type\" content=\"article\" \/>\n<meta property=\"og:title\" content=\"Mediale Giftmischung | Vereinigung f\u00fcr Medienkultur\" \/>\n<meta property=\"og:description\" content=\"Einen Krieg beginnen \u2013 immer \u2013so genannte &#8222;Eliten&#8220;, nicht die kleinen Leute. Diese &#8222;Eliten&#8220; haben Interessen an Ressourcen, streben nach Macht, \u00dcbermacht, Hegemonie. Bezeichnend ist, da\u00df diese grundlegende Betrachtungsweise weitgehend au\u00dfer Acht gelassen wird beim Thema Ukraine. Peter Stribl * Es wird verfahren, als h\u00e4tte der Krieg vor einem Jahr aus heiterem Himmel begonnen. Ohne &hellip; Mediale Giftmischung weiterlesen &rarr;\" \/>\n<meta property=\"og:url\" content=\"https:\/\/www.medienkultur.at\/neu\/mediale-giftmischung\/\" \/>\n<meta property=\"og:site_name\" content=\"Vereinigung f\u00fcr Medienkultur\" \/>\n<meta property=\"article:published_time\" content=\"2023-02-16T16:05:40+00:00\" \/>\n<meta property=\"article:modified_time\" content=\"2023-02-21T16:02:14+00:00\" \/>\n<meta name=\"author\" content=\"Hans H\u00f6gl\" \/>\n<meta name=\"twitter:card\" content=\"summary_large_image\" \/>\n<meta name=\"twitter:label1\" content=\"Verfasst von\" \/>\n\t<meta name=\"twitter:data1\" content=\"Hans H\u00f6gl\" \/>\n\t<meta name=\"twitter:label2\" content=\"Gesch\u00e4tzte Lesezeit\" \/>\n\t<meta name=\"twitter:data2\" content=\"3\u00a0Minuten\" \/>\n<script type=\"application\/ld+json\" class=\"yoast-schema-graph\">{\"@context\":\"https:\\\/\\\/schema.org\",\"@graph\":[{\"@type\":\"Article\",\"@id\":\"https:\\\/\\\/www.medienkultur.at\\\/neu\\\/mediale-giftmischung\\\/#article\",\"isPartOf\":{\"@id\":\"https:\\\/\\\/www.medienkultur.at\\\/neu\\\/mediale-giftmischung\\\/\"},\"author\":{\"name\":\"Hans H\u00f6gl\",\"@id\":\"https:\\\/\\\/www.medienkultur.at\\\/neu\\\/#\\\/schema\\\/person\\\/5307830ec125174672d8c9d829eeb256\"},\"headline\":\"Mediale Giftmischung\",\"datePublished\":\"2023-02-16T16:05:40+00:00\",\"dateModified\":\"2023-02-21T16:02:14+00:00\",\"mainEntityOfPage\":{\"@id\":\"https:\\\/\\\/www.medienkultur.at\\\/neu\\\/mediale-giftmischung\\\/\"},\"wordCount\":545,\"commentCount\":0,\"keywords\":[\"anonyme Quelle\",\"Baerbock\",\"Berichterstattung der \\\"Qualit\u00e4tsmedien\\\"\",\"Die Tagesschau\",\"Hart aber fair\",\"Joe Biden\",\"Krieg\",\"Lawrow\",\"mediale Baustelle\",\"mediale Giftmischung\",\"NATO-Osterweiterungen\",\"Oligarchen\",\"Peter Stribl\",\"Putin\",\"Putinversteher\",\"Russland ruinieren\",\"Russlandversteher\",\"Semour Hersh\",\"Ukraine\",\"wir f\u00fchren einen Krieg gegen Russland\"],\"articleSection\":[\"BERICHTE \\\/ ANALYSEN\",\"Gastbeitr\u00e4ge\",\"J\u00dcNGSTE BEITR\u00c4GE\",\"Medien und Bildung \\\/ Religion\",\"Medien und Politik \\\/ Wirtschaft\",\"Medienkompetenz\",\"Medienkritik\",\"Medienpolitik\",\"Medienverantwortung \\\/ Medienrecht\"],\"inLanguage\":\"de\",\"potentialAction\":[{\"@type\":\"CommentAction\",\"name\":\"Comment\",\"target\":[\"https:\\\/\\\/www.medienkultur.at\\\/neu\\\/mediale-giftmischung\\\/#respond\"]}]},{\"@type\":\"WebPage\",\"@id\":\"https:\\\/\\\/www.medienkultur.at\\\/neu\\\/mediale-giftmischung\\\/\",\"url\":\"https:\\\/\\\/www.medienkultur.at\\\/neu\\\/mediale-giftmischung\\\/\",\"name\":\"Mediale Giftmischung | Vereinigung f\u00fcr Medienkultur\",\"isPartOf\":{\"@id\":\"https:\\\/\\\/www.medienkultur.at\\\/neu\\\/#website\"},\"datePublished\":\"2023-02-16T16:05:40+00:00\",\"dateModified\":\"2023-02-21T16:02:14+00:00\",\"author\":{\"@id\":\"https:\\\/\\\/www.medienkultur.at\\\/neu\\\/#\\\/schema\\\/person\\\/5307830ec125174672d8c9d829eeb256\"},\"breadcrumb\":{\"@id\":\"https:\\\/\\\/www.medienkultur.at\\\/neu\\\/mediale-giftmischung\\\/#breadcrumb\"},\"inLanguage\":\"de\",\"potentialAction\":[{\"@type\":\"ReadAction\",\"target\":[\"https:\\\/\\\/www.medienkultur.at\\\/neu\\\/mediale-giftmischung\\\/\"]}]},{\"@type\":\"BreadcrumbList\",\"@id\":\"https:\\\/\\\/www.medienkultur.at\\\/neu\\\/mediale-giftmischung\\\/#breadcrumb\",\"itemListElement\":[{\"@type\":\"ListItem\",\"position\":1,\"name\":\"Startseite\",\"item\":\"https:\\\/\\\/www.medienkultur.at\\\/neu\\\/\"},{\"@type\":\"ListItem\",\"position\":2,\"name\":\"Mediale Giftmischung\"}]},{\"@type\":\"WebSite\",\"@id\":\"https:\\\/\\\/www.medienkultur.at\\\/neu\\\/#website\",\"url\":\"https:\\\/\\\/www.medienkultur.at\\\/neu\\\/\",\"name\":\"Vereinigung f\u00fcr Medienkultur\",\"description\":\"\",\"potentialAction\":[{\"@type\":\"SearchAction\",\"target\":{\"@type\":\"EntryPoint\",\"urlTemplate\":\"https:\\\/\\\/www.medienkultur.at\\\/neu\\\/?s={search_term_string}\"},\"query-input\":{\"@type\":\"PropertyValueSpecification\",\"valueRequired\":true,\"valueName\":\"search_term_string\"}}],\"inLanguage\":\"de\"},{\"@type\":\"Person\",\"@id\":\"https:\\\/\\\/www.medienkultur.at\\\/neu\\\/#\\\/schema\\\/person\\\/5307830ec125174672d8c9d829eeb256\",\"name\":\"Hans H\u00f6gl\"}]}<\/script>\n<!-- \/ Yoast SEO plugin. -->","yoast_head_json":{"title":"Mediale Giftmischung | Vereinigung f\u00fcr Medienkultur","robots":{"index":"index","follow":"follow","max-snippet":"max-snippet:-1","max-image-preview":"max-image-preview:large","max-video-preview":"max-video-preview:-1"},"canonical":"https:\/\/www.medienkultur.at\/neu\/mediale-giftmischung\/","og_locale":"de_DE","og_type":"article","og_title":"Mediale Giftmischung | Vereinigung f\u00fcr Medienkultur","og_description":"Einen Krieg beginnen \u2013 immer \u2013so genannte &#8222;Eliten&#8220;, nicht die kleinen Leute. Diese &#8222;Eliten&#8220; haben Interessen an Ressourcen, streben nach Macht, \u00dcbermacht, Hegemonie. Bezeichnend ist, da\u00df diese grundlegende Betrachtungsweise weitgehend au\u00dfer Acht gelassen wird beim Thema Ukraine. Peter Stribl * Es wird verfahren, als h\u00e4tte der Krieg vor einem Jahr aus heiterem Himmel begonnen. Ohne &hellip; Mediale Giftmischung weiterlesen &rarr;","og_url":"https:\/\/www.medienkultur.at\/neu\/mediale-giftmischung\/","og_site_name":"Vereinigung f\u00fcr Medienkultur","article_published_time":"2023-02-16T16:05:40+00:00","article_modified_time":"2023-02-21T16:02:14+00:00","author":"Hans H\u00f6gl","twitter_card":"summary_large_image","twitter_misc":{"Verfasst von":"Hans H\u00f6gl","Gesch\u00e4tzte Lesezeit":"3\u00a0Minuten"},"schema":{"@context":"https:\/\/schema.org","@graph":[{"@type":"Article","@id":"https:\/\/www.medienkultur.at\/neu\/mediale-giftmischung\/#article","isPartOf":{"@id":"https:\/\/www.medienkultur.at\/neu\/mediale-giftmischung\/"},"author":{"name":"Hans H\u00f6gl","@id":"https:\/\/www.medienkultur.at\/neu\/#\/schema\/person\/5307830ec125174672d8c9d829eeb256"},"headline":"Mediale Giftmischung","datePublished":"2023-02-16T16:05:40+00:00","dateModified":"2023-02-21T16:02:14+00:00","mainEntityOfPage":{"@id":"https:\/\/www.medienkultur.at\/neu\/mediale-giftmischung\/"},"wordCount":545,"commentCount":0,"keywords":["anonyme Quelle","Baerbock","Berichterstattung der \"Qualit\u00e4tsmedien\"","Die Tagesschau","Hart aber fair","Joe Biden","Krieg","Lawrow","mediale Baustelle","mediale Giftmischung","NATO-Osterweiterungen","Oligarchen","Peter Stribl","Putin","Putinversteher","Russland ruinieren","Russlandversteher","Semour Hersh","Ukraine","wir f\u00fchren einen Krieg gegen Russland"],"articleSection":["BERICHTE \/ ANALYSEN","Gastbeitr\u00e4ge","J\u00dcNGSTE BEITR\u00c4GE","Medien und Bildung \/ Religion","Medien und Politik \/ Wirtschaft","Medienkompetenz","Medienkritik","Medienpolitik","Medienverantwortung \/ Medienrecht"],"inLanguage":"de","potentialAction":[{"@type":"CommentAction","name":"Comment","target":["https:\/\/www.medienkultur.at\/neu\/mediale-giftmischung\/#respond"]}]},{"@type":"WebPage","@id":"https:\/\/www.medienkultur.at\/neu\/mediale-giftmischung\/","url":"https:\/\/www.medienkultur.at\/neu\/mediale-giftmischung\/","name":"Mediale Giftmischung | Vereinigung f\u00fcr Medienkultur","isPartOf":{"@id":"https:\/\/www.medienkultur.at\/neu\/#website"},"datePublished":"2023-02-16T16:05:40+00:00","dateModified":"2023-02-21T16:02:14+00:00","author":{"@id":"https:\/\/www.medienkultur.at\/neu\/#\/schema\/person\/5307830ec125174672d8c9d829eeb256"},"breadcrumb":{"@id":"https:\/\/www.medienkultur.at\/neu\/mediale-giftmischung\/#breadcrumb"},"inLanguage":"de","potentialAction":[{"@type":"ReadAction","target":["https:\/\/www.medienkultur.at\/neu\/mediale-giftmischung\/"]}]},{"@type":"BreadcrumbList","@id":"https:\/\/www.medienkultur.at\/neu\/mediale-giftmischung\/#breadcrumb","itemListElement":[{"@type":"ListItem","position":1,"name":"Startseite","item":"https:\/\/www.medienkultur.at\/neu\/"},{"@type":"ListItem","position":2,"name":"Mediale Giftmischung"}]},{"@type":"WebSite","@id":"https:\/\/www.medienkultur.at\/neu\/#website","url":"https:\/\/www.medienkultur.at\/neu\/","name":"Vereinigung f\u00fcr Medienkultur","description":"","potentialAction":[{"@type":"SearchAction","target":{"@type":"EntryPoint","urlTemplate":"https:\/\/www.medienkultur.at\/neu\/?s={search_term_string}"},"query-input":{"@type":"PropertyValueSpecification","valueRequired":true,"valueName":"search_term_string"}}],"inLanguage":"de"},{"@type":"Person","@id":"https:\/\/www.medienkultur.at\/neu\/#\/schema\/person\/5307830ec125174672d8c9d829eeb256","name":"Hans H\u00f6gl"}]}},"_links":{"self":[{"href":"https:\/\/www.medienkultur.at\/neu\/wp-json\/wp\/v2\/posts\/11705","targetHints":{"allow":["GET"]}}],"collection":[{"href":"https:\/\/www.medienkultur.at\/neu\/wp-json\/wp\/v2\/posts"}],"about":[{"href":"https:\/\/www.medienkultur.at\/neu\/wp-json\/wp\/v2\/types\/post"}],"author":[{"embeddable":true,"href":"https:\/\/www.medienkultur.at\/neu\/wp-json\/wp\/v2\/users\/1"}],"replies":[{"embeddable":true,"href":"https:\/\/www.medienkultur.at\/neu\/wp-json\/wp\/v2\/comments?post=11705"}],"version-history":[{"count":6,"href":"https:\/\/www.medienkultur.at\/neu\/wp-json\/wp\/v2\/posts\/11705\/revisions"}],"predecessor-version":[{"id":11730,"href":"https:\/\/www.medienkultur.at\/neu\/wp-json\/wp\/v2\/posts\/11705\/revisions\/11730"}],"wp:attachment":[{"href":"https:\/\/www.medienkultur.at\/neu\/wp-json\/wp\/v2\/media?parent=11705"}],"wp:term":[{"taxonomy":"category","embeddable":true,"href":"https:\/\/www.medienkultur.at\/neu\/wp-json\/wp\/v2\/categories?post=11705"},{"taxonomy":"post_tag","embeddable":true,"href":"https:\/\/www.medienkultur.at\/neu\/wp-json\/wp\/v2\/tags?post=11705"}],"curies":[{"name":"wp","href":"https:\/\/api.w.org\/{rel}","templated":true}]}}