{"id":11294,"date":"2022-09-27T18:33:09","date_gmt":"2022-09-27T17:33:09","guid":{"rendered":"http:\/\/www.medienkultur.at\/neu\/?p=11294"},"modified":"2022-09-27T18:34:06","modified_gmt":"2022-09-27T17:34:06","slug":"jugend-angst-und-hass","status":"publish","type":"post","link":"https:\/\/www.medienkultur.at\/neu\/jugend-angst-und-hass\/","title":{"rendered":"Jugend: Angst und Hass"},"content":{"rendered":"<p>Medien vom Bild dominiert <\/p>\n<p>Hans H\u00f6gl &#8211;<br \/>\nResum\u00e9 des Vortrages: Angst und Hass in Jugendkulturen von Bernhard  Heinzelmaier\u00a0<\/p>\n<p>Der bekannte Jugendforscher hielt k\u00fcrzlich beim Philosophicum in Lech den Vortrag \u201eAngst, Ressentiment und Hass in den Jugendkulturen \u201c. Er sieht bei der Jugend eine ohnm\u00e4chtige Wut, die sich nach innen kehrt und zur \u201eseelischen Selbstvergiftung\u201c f\u00fchrt, und er zeichnet nach, wie das Vertrauen zunehmend erodiert, so jenes zum Staat in den Mittel- und Unterschichten und sieht \u201eso etwas wie ein postmodernes Duckm\u00e4usertum\u201c. Dies liege an angstbesetzten Themen und f\u00fchre zu einer Schweigespirale.  <\/p>\n<p>Wo jedoch Diskussionen gef\u00fchrt werden, seien diese hochgradig emotional. Eine Ursache daf\u00fcr ortet der Jugendforscher in der Medienlandschaft, die immer mehr vom Bild dominiert sei und wo Argumente immer weniger eine Rolle spielten. Das wichtigste Bildungsmittel f\u00fcr Jugendliche sind YouTube und Instagram. <\/p>\n","protected":false},"excerpt":{"rendered":"<p>Medien vom Bild dominiert Hans H\u00f6gl &#8211; Resum\u00e9 des Vortrages: Angst und Hass in Jugendkulturen von Bernhard Heinzelmaier\u00a0 Der bekannte Jugendforscher hielt k\u00fcrzlich beim Philosophicum in Lech den Vortrag \u201eAngst, Ressentiment und Hass in den Jugendkulturen \u201c. Er sieht bei der Jugend eine ohnm\u00e4chtige Wut, die sich nach innen kehrt und zur \u201eseelischen Selbstvergiftung\u201c f\u00fchrt, &hellip; <a href=\"https:\/\/www.medienkultur.at\/neu\/jugend-angst-und-hass\/\" class=\"more-link\"><span class=\"screen-reader-text\">Jugend: Angst und Hass<\/span> weiterlesen <span class=\"meta-nav\">&rarr;<\/span><\/a><\/p>\n","protected":false},"author":1,"featured_media":0,"comment_status":"open","ping_status":"open","sticky":false,"template":"","format":"standard","meta":{"footnotes":""},"categories":[1,24,12,19],"tags":[9035,9037,9034,7148,9036,9038,9033,9031,9032,9030,5974],"class_list":["post-11294","post","type-post","status-publish","format-standard","hentry","category-allgemein","category-medien-universitaet","category-medien_bildung_religion","category-studien_rezensionen","tag-bernhard-heinzelmaier","tag-erosion-des-vertrauens","tag-geringe-rolle-von-argumenten","tag-instagram","tag-jugendforscher","tag-lech-philosophicum","tag-medien-vom-bild-dominiert","tag-ohnmaechtige-wut","tag-schweigespirale","tag-wie-sich-jugendliche-bilden","tag-youtube"],"yoast_head":"<!-- This site is optimized with the Yoast SEO plugin v27.5 - https:\/\/yoast.com\/product\/yoast-seo-wordpress\/ -->\n<title>Jugend: Angst und Hass | Vereinigung f\u00fcr Medienkultur<\/title>\n<meta name=\"robots\" content=\"index, follow, max-snippet:-1, max-image-preview:large, max-video-preview:-1\" \/>\n<link rel=\"canonical\" href=\"https:\/\/www.medienkultur.at\/neu\/jugend-angst-und-hass\/\" \/>\n<meta property=\"og:locale\" content=\"de_DE\" \/>\n<meta property=\"og:type\" content=\"article\" \/>\n<meta property=\"og:title\" content=\"Jugend: Angst und Hass | Vereinigung f\u00fcr Medienkultur\" \/>\n<meta property=\"og:description\" content=\"Medien vom Bild dominiert Hans H\u00f6gl &#8211; Resum\u00e9 des Vortrages: Angst und Hass in Jugendkulturen von Bernhard Heinzelmaier\u00a0 Der bekannte Jugendforscher hielt k\u00fcrzlich beim Philosophicum in Lech den Vortrag \u201eAngst, Ressentiment und Hass in den Jugendkulturen \u201c. Er sieht bei der Jugend eine ohnm\u00e4chtige Wut, die sich nach innen kehrt und zur \u201eseelischen Selbstvergiftung\u201c f\u00fchrt, &hellip; Jugend: Angst und Hass weiterlesen &rarr;\" \/>\n<meta property=\"og:url\" content=\"https:\/\/www.medienkultur.at\/neu\/jugend-angst-und-hass\/\" \/>\n<meta property=\"og:site_name\" content=\"Vereinigung f\u00fcr Medienkultur\" \/>\n<meta property=\"article:published_time\" content=\"2022-09-27T17:33:09+00:00\" \/>\n<meta property=\"article:modified_time\" content=\"2022-09-27T17:34:06+00:00\" \/>\n<meta name=\"author\" content=\"Hans H\u00f6gl\" \/>\n<meta name=\"twitter:card\" content=\"summary_large_image\" \/>\n<meta name=\"twitter:label1\" content=\"Verfasst von\" \/>\n\t<meta name=\"twitter:data1\" content=\"Hans H\u00f6gl\" \/>\n\t<meta name=\"twitter:label2\" content=\"Gesch\u00e4tzte Lesezeit\" \/>\n\t<meta name=\"twitter:data2\" content=\"1\u00a0Minute\" \/>\n<script type=\"application\/ld+json\" class=\"yoast-schema-graph\">{\"@context\":\"https:\\\/\\\/schema.org\",\"@graph\":[{\"@type\":\"Article\",\"@id\":\"https:\\\/\\\/www.medienkultur.at\\\/neu\\\/jugend-angst-und-hass\\\/#article\",\"isPartOf\":{\"@id\":\"https:\\\/\\\/www.medienkultur.at\\\/neu\\\/jugend-angst-und-hass\\\/\"},\"author\":{\"name\":\"Hans H\u00f6gl\",\"@id\":\"https:\\\/\\\/www.medienkultur.at\\\/neu\\\/#\\\/schema\\\/person\\\/5307830ec125174672d8c9d829eeb256\"},\"headline\":\"Jugend: Angst und Hass\",\"datePublished\":\"2022-09-27T17:33:09+00:00\",\"dateModified\":\"2022-09-27T17:34:06+00:00\",\"mainEntityOfPage\":{\"@id\":\"https:\\\/\\\/www.medienkultur.at\\\/neu\\\/jugend-angst-und-hass\\\/\"},\"wordCount\":145,\"commentCount\":0,\"keywords\":[\"Bernhard Heinzelmaier\",\"Erosion des Vertrauens\",\"geringe Rolle von Argumenten\",\"Instagram\",\"Jugendforscher\",\"Lech: Philosophicum\",\"Medien vom Bild dominiert\",\"ohnm\u00e4chtige Wut\",\"Schweigespirale\",\"Wie sich Jugendliche bilden\",\"YouTube\"],\"articleSection\":[\"J\u00dcNGSTE BEITR\u00c4GE\",\"MEDIEN - UNIVERSIT\u00c4T\",\"Medien und Bildung \\\/ Religion\",\"Studien \\\/ Rezensionen\"],\"inLanguage\":\"de\",\"potentialAction\":[{\"@type\":\"CommentAction\",\"name\":\"Comment\",\"target\":[\"https:\\\/\\\/www.medienkultur.at\\\/neu\\\/jugend-angst-und-hass\\\/#respond\"]}]},{\"@type\":\"WebPage\",\"@id\":\"https:\\\/\\\/www.medienkultur.at\\\/neu\\\/jugend-angst-und-hass\\\/\",\"url\":\"https:\\\/\\\/www.medienkultur.at\\\/neu\\\/jugend-angst-und-hass\\\/\",\"name\":\"Jugend: Angst und Hass | Vereinigung f\u00fcr Medienkultur\",\"isPartOf\":{\"@id\":\"https:\\\/\\\/www.medienkultur.at\\\/neu\\\/#website\"},\"datePublished\":\"2022-09-27T17:33:09+00:00\",\"dateModified\":\"2022-09-27T17:34:06+00:00\",\"author\":{\"@id\":\"https:\\\/\\\/www.medienkultur.at\\\/neu\\\/#\\\/schema\\\/person\\\/5307830ec125174672d8c9d829eeb256\"},\"breadcrumb\":{\"@id\":\"https:\\\/\\\/www.medienkultur.at\\\/neu\\\/jugend-angst-und-hass\\\/#breadcrumb\"},\"inLanguage\":\"de\",\"potentialAction\":[{\"@type\":\"ReadAction\",\"target\":[\"https:\\\/\\\/www.medienkultur.at\\\/neu\\\/jugend-angst-und-hass\\\/\"]}]},{\"@type\":\"BreadcrumbList\",\"@id\":\"https:\\\/\\\/www.medienkultur.at\\\/neu\\\/jugend-angst-und-hass\\\/#breadcrumb\",\"itemListElement\":[{\"@type\":\"ListItem\",\"position\":1,\"name\":\"Startseite\",\"item\":\"https:\\\/\\\/www.medienkultur.at\\\/neu\\\/\"},{\"@type\":\"ListItem\",\"position\":2,\"name\":\"Jugend: Angst und Hass\"}]},{\"@type\":\"WebSite\",\"@id\":\"https:\\\/\\\/www.medienkultur.at\\\/neu\\\/#website\",\"url\":\"https:\\\/\\\/www.medienkultur.at\\\/neu\\\/\",\"name\":\"Vereinigung f\u00fcr Medienkultur\",\"description\":\"\",\"potentialAction\":[{\"@type\":\"SearchAction\",\"target\":{\"@type\":\"EntryPoint\",\"urlTemplate\":\"https:\\\/\\\/www.medienkultur.at\\\/neu\\\/?s={search_term_string}\"},\"query-input\":{\"@type\":\"PropertyValueSpecification\",\"valueRequired\":true,\"valueName\":\"search_term_string\"}}],\"inLanguage\":\"de\"},{\"@type\":\"Person\",\"@id\":\"https:\\\/\\\/www.medienkultur.at\\\/neu\\\/#\\\/schema\\\/person\\\/5307830ec125174672d8c9d829eeb256\",\"name\":\"Hans H\u00f6gl\"}]}<\/script>\n<!-- \/ Yoast SEO plugin. -->","yoast_head_json":{"title":"Jugend: Angst und Hass | Vereinigung f\u00fcr Medienkultur","robots":{"index":"index","follow":"follow","max-snippet":"max-snippet:-1","max-image-preview":"max-image-preview:large","max-video-preview":"max-video-preview:-1"},"canonical":"https:\/\/www.medienkultur.at\/neu\/jugend-angst-und-hass\/","og_locale":"de_DE","og_type":"article","og_title":"Jugend: Angst und Hass | Vereinigung f\u00fcr Medienkultur","og_description":"Medien vom Bild dominiert Hans H\u00f6gl &#8211; Resum\u00e9 des Vortrages: Angst und Hass in Jugendkulturen von Bernhard Heinzelmaier\u00a0 Der bekannte Jugendforscher hielt k\u00fcrzlich beim Philosophicum in Lech den Vortrag \u201eAngst, Ressentiment und Hass in den Jugendkulturen \u201c. Er sieht bei der Jugend eine ohnm\u00e4chtige Wut, die sich nach innen kehrt und zur \u201eseelischen Selbstvergiftung\u201c f\u00fchrt, &hellip; Jugend: Angst und Hass weiterlesen &rarr;","og_url":"https:\/\/www.medienkultur.at\/neu\/jugend-angst-und-hass\/","og_site_name":"Vereinigung f\u00fcr Medienkultur","article_published_time":"2022-09-27T17:33:09+00:00","article_modified_time":"2022-09-27T17:34:06+00:00","author":"Hans H\u00f6gl","twitter_card":"summary_large_image","twitter_misc":{"Verfasst von":"Hans H\u00f6gl","Gesch\u00e4tzte Lesezeit":"1\u00a0Minute"},"schema":{"@context":"https:\/\/schema.org","@graph":[{"@type":"Article","@id":"https:\/\/www.medienkultur.at\/neu\/jugend-angst-und-hass\/#article","isPartOf":{"@id":"https:\/\/www.medienkultur.at\/neu\/jugend-angst-und-hass\/"},"author":{"name":"Hans H\u00f6gl","@id":"https:\/\/www.medienkultur.at\/neu\/#\/schema\/person\/5307830ec125174672d8c9d829eeb256"},"headline":"Jugend: Angst und Hass","datePublished":"2022-09-27T17:33:09+00:00","dateModified":"2022-09-27T17:34:06+00:00","mainEntityOfPage":{"@id":"https:\/\/www.medienkultur.at\/neu\/jugend-angst-und-hass\/"},"wordCount":145,"commentCount":0,"keywords":["Bernhard Heinzelmaier","Erosion des Vertrauens","geringe Rolle von Argumenten","Instagram","Jugendforscher","Lech: Philosophicum","Medien vom Bild dominiert","ohnm\u00e4chtige Wut","Schweigespirale","Wie sich Jugendliche bilden","YouTube"],"articleSection":["J\u00dcNGSTE BEITR\u00c4GE","MEDIEN - UNIVERSIT\u00c4T","Medien und Bildung \/ Religion","Studien \/ Rezensionen"],"inLanguage":"de","potentialAction":[{"@type":"CommentAction","name":"Comment","target":["https:\/\/www.medienkultur.at\/neu\/jugend-angst-und-hass\/#respond"]}]},{"@type":"WebPage","@id":"https:\/\/www.medienkultur.at\/neu\/jugend-angst-und-hass\/","url":"https:\/\/www.medienkultur.at\/neu\/jugend-angst-und-hass\/","name":"Jugend: Angst und Hass | Vereinigung f\u00fcr Medienkultur","isPartOf":{"@id":"https:\/\/www.medienkultur.at\/neu\/#website"},"datePublished":"2022-09-27T17:33:09+00:00","dateModified":"2022-09-27T17:34:06+00:00","author":{"@id":"https:\/\/www.medienkultur.at\/neu\/#\/schema\/person\/5307830ec125174672d8c9d829eeb256"},"breadcrumb":{"@id":"https:\/\/www.medienkultur.at\/neu\/jugend-angst-und-hass\/#breadcrumb"},"inLanguage":"de","potentialAction":[{"@type":"ReadAction","target":["https:\/\/www.medienkultur.at\/neu\/jugend-angst-und-hass\/"]}]},{"@type":"BreadcrumbList","@id":"https:\/\/www.medienkultur.at\/neu\/jugend-angst-und-hass\/#breadcrumb","itemListElement":[{"@type":"ListItem","position":1,"name":"Startseite","item":"https:\/\/www.medienkultur.at\/neu\/"},{"@type":"ListItem","position":2,"name":"Jugend: Angst und Hass"}]},{"@type":"WebSite","@id":"https:\/\/www.medienkultur.at\/neu\/#website","url":"https:\/\/www.medienkultur.at\/neu\/","name":"Vereinigung f\u00fcr Medienkultur","description":"","potentialAction":[{"@type":"SearchAction","target":{"@type":"EntryPoint","urlTemplate":"https:\/\/www.medienkultur.at\/neu\/?s={search_term_string}"},"query-input":{"@type":"PropertyValueSpecification","valueRequired":true,"valueName":"search_term_string"}}],"inLanguage":"de"},{"@type":"Person","@id":"https:\/\/www.medienkultur.at\/neu\/#\/schema\/person\/5307830ec125174672d8c9d829eeb256","name":"Hans H\u00f6gl"}]}},"_links":{"self":[{"href":"https:\/\/www.medienkultur.at\/neu\/wp-json\/wp\/v2\/posts\/11294","targetHints":{"allow":["GET"]}}],"collection":[{"href":"https:\/\/www.medienkultur.at\/neu\/wp-json\/wp\/v2\/posts"}],"about":[{"href":"https:\/\/www.medienkultur.at\/neu\/wp-json\/wp\/v2\/types\/post"}],"author":[{"embeddable":true,"href":"https:\/\/www.medienkultur.at\/neu\/wp-json\/wp\/v2\/users\/1"}],"replies":[{"embeddable":true,"href":"https:\/\/www.medienkultur.at\/neu\/wp-json\/wp\/v2\/comments?post=11294"}],"version-history":[{"count":1,"href":"https:\/\/www.medienkultur.at\/neu\/wp-json\/wp\/v2\/posts\/11294\/revisions"}],"predecessor-version":[{"id":11295,"href":"https:\/\/www.medienkultur.at\/neu\/wp-json\/wp\/v2\/posts\/11294\/revisions\/11295"}],"wp:attachment":[{"href":"https:\/\/www.medienkultur.at\/neu\/wp-json\/wp\/v2\/media?parent=11294"}],"wp:term":[{"taxonomy":"category","embeddable":true,"href":"https:\/\/www.medienkultur.at\/neu\/wp-json\/wp\/v2\/categories?post=11294"},{"taxonomy":"post_tag","embeddable":true,"href":"https:\/\/www.medienkultur.at\/neu\/wp-json\/wp\/v2\/tags?post=11294"}],"curies":[{"name":"wp","href":"https:\/\/api.w.org\/{rel}","templated":true}]}}