{"id":11139,"date":"2022-07-07T12:33:22","date_gmt":"2022-07-07T11:33:22","guid":{"rendered":"http:\/\/www.medienkultur.at\/neu\/?p=11139"},"modified":"2022-07-07T12:38:40","modified_gmt":"2022-07-07T11:38:40","slug":"11139-2","status":"publish","type":"post","link":"https:\/\/www.medienkultur.at\/neu\/11139-2\/","title":{"rendered":"Krise im Qualit\u00e4tsjournalismus"},"content":{"rendered":"<p>Zum viel beachteten Beitrag &#8222;Krieg und Kriegspropaganda&#8220; (von Udo Bachmair) auf der Website der Vereinigung f\u00fcr Medienkultur sowie in der Zeitschrift INTERNATIONAL hat Hermine Schreiberhuber kurz und pr\u00e4gnant Stellung bezogen:<\/p>\n<p>Hermine Schreiberhuber *<\/p>\n<p>Die Berichterstattung \u00fcber den Ukraine-Krieg ist ein bedauerswertes Beispiel f\u00fcr die Krise im Qualit\u00e4tsjournalimus. Milit\u00e4r- und Kriegslogik beherrschen die Szene. Wichtige Aspekte werden nicht hinterfragt. Grundregeln wie Quellentreue werden missachtet. Man folgt dem mainstream. Die f\u00fcr die Meinungsbildung massgeblichen Medienmacher und auch die unter gro\u00dfem Druck stehenden Berichterstatter tragen gro\u00dfe Verantwortung.<\/p>\n<p><em>* Hermine Schreiberhuber ist Journalistin, fr\u00fchere Vizechefin der APA-Auslandsredaktion sowie Vorstandsmitglied der Vereinigung f\u00fcr Medienkultur<\/em> <\/p>\n","protected":false},"excerpt":{"rendered":"<p>Zum viel beachteten Beitrag &#8222;Krieg und Kriegspropaganda&#8220; (von Udo Bachmair) auf der Website der Vereinigung f\u00fcr Medienkultur sowie in der Zeitschrift INTERNATIONAL hat Hermine Schreiberhuber kurz und pr\u00e4gnant Stellung bezogen: Hermine Schreiberhuber * Die Berichterstattung \u00fcber den Ukraine-Krieg ist ein bedauerswertes Beispiel f\u00fcr die Krise im Qualit\u00e4tsjournalimus. Milit\u00e4r- und Kriegslogik beherrschen die Szene. Wichtige Aspekte &hellip; <a href=\"https:\/\/www.medienkultur.at\/neu\/11139-2\/\" class=\"more-link\"><span class=\"screen-reader-text\">Krise im Qualit\u00e4tsjournalismus<\/span> weiterlesen <span class=\"meta-nav\">&rarr;<\/span><\/a><\/p>\n","protected":false},"author":1,"featured_media":0,"comment_status":"open","ping_status":"open","sticky":false,"template":"","format":"standard","meta":{"footnotes":""},"categories":[9,1,18,10,13,20],"tags":[8903,8900,2611,8822,8899,8901,8902,1613,335],"class_list":["post-11139","post","type-post","status-publish","format-standard","hentry","category-berichte_analysen","category-allgemein","category-medienkompetenz","category-medienkritik","category-medienpolitik","category-medienverantwortung_medienrecht","tag-apa-auslandsredaktion","tag-berichterstattung-ukraine-krieg","tag-hermine-schreiberhuber","tag-krieg-und-kriegspropaganda","tag-krise-im-qualitaetsjournalismus","tag-militaer-und-kriegslogik","tag-quellentreue","tag-udo-bachmair","tag-vereinigung-fuer-medienkultur"],"yoast_head":"<!-- This site is optimized with the Yoast SEO plugin v27.5 - https:\/\/yoast.com\/product\/yoast-seo-wordpress\/ -->\n<title>Krise im Qualit\u00e4tsjournalismus | Vereinigung f\u00fcr Medienkultur<\/title>\n<meta name=\"robots\" content=\"index, follow, max-snippet:-1, max-image-preview:large, max-video-preview:-1\" \/>\n<link rel=\"canonical\" href=\"https:\/\/www.medienkultur.at\/neu\/11139-2\/\" \/>\n<meta property=\"og:locale\" content=\"de_DE\" \/>\n<meta property=\"og:type\" content=\"article\" \/>\n<meta property=\"og:title\" content=\"Krise im Qualit\u00e4tsjournalismus | Vereinigung f\u00fcr Medienkultur\" \/>\n<meta property=\"og:description\" content=\"Zum viel beachteten Beitrag &#8222;Krieg und Kriegspropaganda&#8220; (von Udo Bachmair) auf der Website der Vereinigung f\u00fcr Medienkultur sowie in der Zeitschrift INTERNATIONAL hat Hermine Schreiberhuber kurz und pr\u00e4gnant Stellung bezogen: Hermine Schreiberhuber * Die Berichterstattung \u00fcber den Ukraine-Krieg ist ein bedauerswertes Beispiel f\u00fcr die Krise im Qualit\u00e4tsjournalimus. Milit\u00e4r- und Kriegslogik beherrschen die Szene. Wichtige Aspekte &hellip; Krise im Qualit\u00e4tsjournalismus weiterlesen &rarr;\" \/>\n<meta property=\"og:url\" content=\"https:\/\/www.medienkultur.at\/neu\/11139-2\/\" \/>\n<meta property=\"og:site_name\" content=\"Vereinigung f\u00fcr Medienkultur\" \/>\n<meta property=\"article:published_time\" content=\"2022-07-07T11:33:22+00:00\" \/>\n<meta property=\"article:modified_time\" content=\"2022-07-07T11:38:40+00:00\" \/>\n<meta name=\"author\" content=\"Hans H\u00f6gl\" \/>\n<meta name=\"twitter:card\" content=\"summary_large_image\" \/>\n<meta name=\"twitter:label1\" content=\"Verfasst von\" \/>\n\t<meta name=\"twitter:data1\" content=\"Hans H\u00f6gl\" \/>\n\t<meta name=\"twitter:label2\" content=\"Gesch\u00e4tzte Lesezeit\" \/>\n\t<meta name=\"twitter:data2\" content=\"1\u00a0Minute\" \/>\n<script type=\"application\/ld+json\" class=\"yoast-schema-graph\">{\"@context\":\"https:\\\/\\\/schema.org\",\"@graph\":[{\"@type\":\"Article\",\"@id\":\"https:\\\/\\\/www.medienkultur.at\\\/neu\\\/11139-2\\\/#article\",\"isPartOf\":{\"@id\":\"https:\\\/\\\/www.medienkultur.at\\\/neu\\\/11139-2\\\/\"},\"author\":{\"name\":\"Hans H\u00f6gl\",\"@id\":\"https:\\\/\\\/www.medienkultur.at\\\/neu\\\/#\\\/schema\\\/person\\\/5307830ec125174672d8c9d829eeb256\"},\"headline\":\"Krise im Qualit\u00e4tsjournalismus\",\"datePublished\":\"2022-07-07T11:33:22+00:00\",\"dateModified\":\"2022-07-07T11:38:40+00:00\",\"mainEntityOfPage\":{\"@id\":\"https:\\\/\\\/www.medienkultur.at\\\/neu\\\/11139-2\\\/\"},\"wordCount\":111,\"commentCount\":0,\"keywords\":[\"APA-Auslandsredaktion\",\"Berichterstattung Ukraine-Krieg\",\"Hermine Schreiberhuber\",\"Krieg und Kriegspropaganda\",\"Krise im Qualit\u00e4tsjournalismus\",\"Milit\u00e4r- und Kriegslogik\",\"Quellentreue\",\"Udo Bachmair\",\"Vereinigung f\u00fcr Medienkultur\"],\"articleSection\":[\"BERICHTE \\\/ ANALYSEN\",\"J\u00dcNGSTE BEITR\u00c4GE\",\"Medienkompetenz\",\"Medienkritik\",\"Medienpolitik\",\"Medienverantwortung \\\/ Medienrecht\"],\"inLanguage\":\"de\",\"potentialAction\":[{\"@type\":\"CommentAction\",\"name\":\"Comment\",\"target\":[\"https:\\\/\\\/www.medienkultur.at\\\/neu\\\/11139-2\\\/#respond\"]}]},{\"@type\":\"WebPage\",\"@id\":\"https:\\\/\\\/www.medienkultur.at\\\/neu\\\/11139-2\\\/\",\"url\":\"https:\\\/\\\/www.medienkultur.at\\\/neu\\\/11139-2\\\/\",\"name\":\"Krise im Qualit\u00e4tsjournalismus | Vereinigung f\u00fcr Medienkultur\",\"isPartOf\":{\"@id\":\"https:\\\/\\\/www.medienkultur.at\\\/neu\\\/#website\"},\"datePublished\":\"2022-07-07T11:33:22+00:00\",\"dateModified\":\"2022-07-07T11:38:40+00:00\",\"author\":{\"@id\":\"https:\\\/\\\/www.medienkultur.at\\\/neu\\\/#\\\/schema\\\/person\\\/5307830ec125174672d8c9d829eeb256\"},\"breadcrumb\":{\"@id\":\"https:\\\/\\\/www.medienkultur.at\\\/neu\\\/11139-2\\\/#breadcrumb\"},\"inLanguage\":\"de\",\"potentialAction\":[{\"@type\":\"ReadAction\",\"target\":[\"https:\\\/\\\/www.medienkultur.at\\\/neu\\\/11139-2\\\/\"]}]},{\"@type\":\"BreadcrumbList\",\"@id\":\"https:\\\/\\\/www.medienkultur.at\\\/neu\\\/11139-2\\\/#breadcrumb\",\"itemListElement\":[{\"@type\":\"ListItem\",\"position\":1,\"name\":\"Startseite\",\"item\":\"https:\\\/\\\/www.medienkultur.at\\\/neu\\\/\"},{\"@type\":\"ListItem\",\"position\":2,\"name\":\"Krise im Qualit\u00e4tsjournalismus\"}]},{\"@type\":\"WebSite\",\"@id\":\"https:\\\/\\\/www.medienkultur.at\\\/neu\\\/#website\",\"url\":\"https:\\\/\\\/www.medienkultur.at\\\/neu\\\/\",\"name\":\"Vereinigung f\u00fcr Medienkultur\",\"description\":\"\",\"potentialAction\":[{\"@type\":\"SearchAction\",\"target\":{\"@type\":\"EntryPoint\",\"urlTemplate\":\"https:\\\/\\\/www.medienkultur.at\\\/neu\\\/?s={search_term_string}\"},\"query-input\":{\"@type\":\"PropertyValueSpecification\",\"valueRequired\":true,\"valueName\":\"search_term_string\"}}],\"inLanguage\":\"de\"},{\"@type\":\"Person\",\"@id\":\"https:\\\/\\\/www.medienkultur.at\\\/neu\\\/#\\\/schema\\\/person\\\/5307830ec125174672d8c9d829eeb256\",\"name\":\"Hans H\u00f6gl\"}]}<\/script>\n<!-- \/ Yoast SEO plugin. -->","yoast_head_json":{"title":"Krise im Qualit\u00e4tsjournalismus | Vereinigung f\u00fcr Medienkultur","robots":{"index":"index","follow":"follow","max-snippet":"max-snippet:-1","max-image-preview":"max-image-preview:large","max-video-preview":"max-video-preview:-1"},"canonical":"https:\/\/www.medienkultur.at\/neu\/11139-2\/","og_locale":"de_DE","og_type":"article","og_title":"Krise im Qualit\u00e4tsjournalismus | Vereinigung f\u00fcr Medienkultur","og_description":"Zum viel beachteten Beitrag &#8222;Krieg und Kriegspropaganda&#8220; (von Udo Bachmair) auf der Website der Vereinigung f\u00fcr Medienkultur sowie in der Zeitschrift INTERNATIONAL hat Hermine Schreiberhuber kurz und pr\u00e4gnant Stellung bezogen: Hermine Schreiberhuber * Die Berichterstattung \u00fcber den Ukraine-Krieg ist ein bedauerswertes Beispiel f\u00fcr die Krise im Qualit\u00e4tsjournalimus. Milit\u00e4r- und Kriegslogik beherrschen die Szene. Wichtige Aspekte &hellip; Krise im Qualit\u00e4tsjournalismus weiterlesen &rarr;","og_url":"https:\/\/www.medienkultur.at\/neu\/11139-2\/","og_site_name":"Vereinigung f\u00fcr Medienkultur","article_published_time":"2022-07-07T11:33:22+00:00","article_modified_time":"2022-07-07T11:38:40+00:00","author":"Hans H\u00f6gl","twitter_card":"summary_large_image","twitter_misc":{"Verfasst von":"Hans H\u00f6gl","Gesch\u00e4tzte Lesezeit":"1\u00a0Minute"},"schema":{"@context":"https:\/\/schema.org","@graph":[{"@type":"Article","@id":"https:\/\/www.medienkultur.at\/neu\/11139-2\/#article","isPartOf":{"@id":"https:\/\/www.medienkultur.at\/neu\/11139-2\/"},"author":{"name":"Hans H\u00f6gl","@id":"https:\/\/www.medienkultur.at\/neu\/#\/schema\/person\/5307830ec125174672d8c9d829eeb256"},"headline":"Krise im Qualit\u00e4tsjournalismus","datePublished":"2022-07-07T11:33:22+00:00","dateModified":"2022-07-07T11:38:40+00:00","mainEntityOfPage":{"@id":"https:\/\/www.medienkultur.at\/neu\/11139-2\/"},"wordCount":111,"commentCount":0,"keywords":["APA-Auslandsredaktion","Berichterstattung Ukraine-Krieg","Hermine Schreiberhuber","Krieg und Kriegspropaganda","Krise im Qualit\u00e4tsjournalismus","Milit\u00e4r- und Kriegslogik","Quellentreue","Udo Bachmair","Vereinigung f\u00fcr Medienkultur"],"articleSection":["BERICHTE \/ ANALYSEN","J\u00dcNGSTE BEITR\u00c4GE","Medienkompetenz","Medienkritik","Medienpolitik","Medienverantwortung \/ Medienrecht"],"inLanguage":"de","potentialAction":[{"@type":"CommentAction","name":"Comment","target":["https:\/\/www.medienkultur.at\/neu\/11139-2\/#respond"]}]},{"@type":"WebPage","@id":"https:\/\/www.medienkultur.at\/neu\/11139-2\/","url":"https:\/\/www.medienkultur.at\/neu\/11139-2\/","name":"Krise im Qualit\u00e4tsjournalismus | Vereinigung f\u00fcr Medienkultur","isPartOf":{"@id":"https:\/\/www.medienkultur.at\/neu\/#website"},"datePublished":"2022-07-07T11:33:22+00:00","dateModified":"2022-07-07T11:38:40+00:00","author":{"@id":"https:\/\/www.medienkultur.at\/neu\/#\/schema\/person\/5307830ec125174672d8c9d829eeb256"},"breadcrumb":{"@id":"https:\/\/www.medienkultur.at\/neu\/11139-2\/#breadcrumb"},"inLanguage":"de","potentialAction":[{"@type":"ReadAction","target":["https:\/\/www.medienkultur.at\/neu\/11139-2\/"]}]},{"@type":"BreadcrumbList","@id":"https:\/\/www.medienkultur.at\/neu\/11139-2\/#breadcrumb","itemListElement":[{"@type":"ListItem","position":1,"name":"Startseite","item":"https:\/\/www.medienkultur.at\/neu\/"},{"@type":"ListItem","position":2,"name":"Krise im Qualit\u00e4tsjournalismus"}]},{"@type":"WebSite","@id":"https:\/\/www.medienkultur.at\/neu\/#website","url":"https:\/\/www.medienkultur.at\/neu\/","name":"Vereinigung f\u00fcr Medienkultur","description":"","potentialAction":[{"@type":"SearchAction","target":{"@type":"EntryPoint","urlTemplate":"https:\/\/www.medienkultur.at\/neu\/?s={search_term_string}"},"query-input":{"@type":"PropertyValueSpecification","valueRequired":true,"valueName":"search_term_string"}}],"inLanguage":"de"},{"@type":"Person","@id":"https:\/\/www.medienkultur.at\/neu\/#\/schema\/person\/5307830ec125174672d8c9d829eeb256","name":"Hans H\u00f6gl"}]}},"_links":{"self":[{"href":"https:\/\/www.medienkultur.at\/neu\/wp-json\/wp\/v2\/posts\/11139","targetHints":{"allow":["GET"]}}],"collection":[{"href":"https:\/\/www.medienkultur.at\/neu\/wp-json\/wp\/v2\/posts"}],"about":[{"href":"https:\/\/www.medienkultur.at\/neu\/wp-json\/wp\/v2\/types\/post"}],"author":[{"embeddable":true,"href":"https:\/\/www.medienkultur.at\/neu\/wp-json\/wp\/v2\/users\/1"}],"replies":[{"embeddable":true,"href":"https:\/\/www.medienkultur.at\/neu\/wp-json\/wp\/v2\/comments?post=11139"}],"version-history":[{"count":4,"href":"https:\/\/www.medienkultur.at\/neu\/wp-json\/wp\/v2\/posts\/11139\/revisions"}],"predecessor-version":[{"id":11143,"href":"https:\/\/www.medienkultur.at\/neu\/wp-json\/wp\/v2\/posts\/11139\/revisions\/11143"}],"wp:attachment":[{"href":"https:\/\/www.medienkultur.at\/neu\/wp-json\/wp\/v2\/media?parent=11139"}],"wp:term":[{"taxonomy":"category","embeddable":true,"href":"https:\/\/www.medienkultur.at\/neu\/wp-json\/wp\/v2\/categories?post=11139"},{"taxonomy":"post_tag","embeddable":true,"href":"https:\/\/www.medienkultur.at\/neu\/wp-json\/wp\/v2\/tags?post=11139"}],"curies":[{"name":"wp","href":"https:\/\/api.w.org\/{rel}","templated":true}]}}